{"id":1599,"date":"2025-04-30T07:50:45","date_gmt":"2025-04-30T07:50:45","guid":{"rendered":"https:\/\/mesanyapi.com\/?p=1599"},"modified":"2025-04-30T07:50:49","modified_gmt":"2025-04-30T07:50:49","slug":"warum-sollte-ich-einen-wintergarten-haben","status":"publish","type":"post","link":"https:\/\/mesanyapi.com\/de\/warum-sollte-ich-einen-wintergarten-haben\/","title":{"rendered":"Warum sollte ich einen Wintergarten anlegen?"},"content":{"rendered":"<p>\u2714\ufe0f Sie k\u00f6nnen Ihren Balkon in allen vier Jahreszeiten in einen bewohnbaren Raum verwandeln.<br>\u2714\ufe0f Sie steigern den Wert Ihres Hauses<br>\u2714\ufe0f Sie schaffen den perfekten Raum f\u00fcr Pflanzen, Kaffee und Ruhe<br>\u2714\ufe0f Sie k\u00f6nnen auch bei kaltem Wetter nat\u00fcrliches Licht genie\u00dfen<\/p>\n\n\n\n<h3 class=\"wp-block-heading\">\u2744\ufe0f <strong>Ist der Wintergarten nur f\u00fcr Villen?<\/strong> \ud83c\udfe1<\/h3>\n\n\n\n<p>Auf keinen Fall!<\/p>\n\n\n\n<p>Die Anwendung von Winterg\u00e4rten ist l\u00e4ngst nicht mehr nur auf gro\u00dfe Villen beschr\u00e4nkt.<br><strong>Vom Wohnungsbalkon bis zur Terrasse, vom Einfamilienhaus bis zum Gewerberaum<\/strong> F\u00fcr die unterschiedlichsten Bereiche k\u00f6nnen Sonderl\u00f6sungen erstellt werden.<\/p>\n\n\n\n<p>\u2705 Einziehbare Systeme in begrenzten Bereichen<br>\u2705 Isolierung mit PVC- und Aluminiumprofilen<br>\u2705 Designs f\u00fcr den Sommer- und Wintergebrauch geeignet<br>\u2705 \u00c4sthetisches und modernes Aussehen<\/p>\n\n\n\n<p>\ud83c\udfaf <strong>Als Mesan Yap\u0131 bieten wir spezielle Wintergartenl\u00f6sungen f\u00fcr jeden Raum in \u00c7anakkale.<\/strong><br>Ob kleiner Balkon oder gro\u00dfe Terrasse, lassen Sie uns gemeinsam Ihre besondere Gestaltung planen.<\/p>","protected":false},"excerpt":{"rendered":"<p>\u2714\ufe0f Balkonunuzu d\u00f6rt mevsim ya\u015fanabilir bir alana \u00e7evirirsiniz\u2714\ufe0f Evinizin de\u011ferini art\u0131r\u0131rs\u0131n\u0131z\u2714\ufe0f Bitki, kahve ve huzur i\u00e7in m\u00fckemmel bir alan yarat\u0131rs\u0131n\u0131z\u2714\ufe0f So\u011fuk havalarda bile do\u011fal \u0131\u015f\u0131\u011f\u0131n keyfini \u00e7\u0131kar\u0131rs\u0131n\u0131z \u2744\ufe0f K\u0131\u015f Bah\u00e7esi Sadece Villalar \u0130\u00e7in mi? \ud83c\udfe1 Kesinlikle hay\u0131r! K\u0131\u015f bah\u00e7esi uygulamalar\u0131 art\u0131k sadece b\u00fcy\u00fck villalara \u00f6zel de\u011fil.Daire balkonlar\u0131ndan teras katlar\u0131na, m\u00fcstakil evlerden ticari mekanlara kadar her [&hellip;]<\/p>\n","protected":false},"author":1,"featured_media":1600,"comment_status":"closed","ping_status":"open","sticky":false,"template":"","format":"standard","meta":{"footnotes":""},"categories":[1],"tags":[],"class_list":["post-1599","post","type-post","status-publish","format-standard","has-post-thumbnail","hentry","category-yazilarimiz"],"_links":{"self":[{"href":"https:\/\/mesanyapi.com\/de\/wp-json\/wp\/v2\/posts\/1599","targetHints":{"allow":["GET"]}}],"collection":[{"href":"https:\/\/mesanyapi.com\/de\/wp-json\/wp\/v2\/posts"}],"about":[{"href":"https:\/\/mesanyapi.com\/de\/wp-json\/wp\/v2\/types\/post"}],"author":[{"embeddable":true,"href":"https:\/\/mesanyapi.com\/de\/wp-json\/wp\/v2\/users\/1"}],"replies":[{"embeddable":true,"href":"https:\/\/mesanyapi.com\/de\/wp-json\/wp\/v2\/comments?post=1599"}],"version-history":[{"count":1,"href":"https:\/\/mesanyapi.com\/de\/wp-json\/wp\/v2\/posts\/1599\/revisions"}],"predecessor-version":[{"id":1601,"href":"https:\/\/mesanyapi.com\/de\/wp-json\/wp\/v2\/posts\/1599\/revisions\/1601"}],"wp:featuredmedia":[{"embeddable":true,"href":"https:\/\/mesanyapi.com\/de\/wp-json\/wp\/v2\/media\/1600"}],"wp:attachment":[{"href":"https:\/\/mesanyapi.com\/de\/wp-json\/wp\/v2\/media?parent=1599"}],"wp:term":[{"taxonomy":"category","embeddable":true,"href":"https:\/\/mesanyapi.com\/de\/wp-json\/wp\/v2\/categories?post=1599"},{"taxonomy":"post_tag","embeddable":true,"href":"https:\/\/mesanyapi.com\/de\/wp-json\/wp\/v2\/tags?post=1599"}],"curies":[{"name":"wp","href":"https:\/\/api.w.org\/{rel}","templated":true}]}}